{"id":6231,"date":"2025-06-05T15:07:49","date_gmt":"2025-06-05T15:07:49","guid":{"rendered":"https:\/\/www.michelebalin.it\/?p=6231"},"modified":"2025-06-05T15:08:13","modified_gmt":"2025-06-05T15:08:13","slug":"storia-della-salsa-cubana","status":"publish","type":"post","link":"https:\/\/www.michelebalin.it\/en\/storia-della-salsa-cubana\/","title":{"rendered":"Storia della salsa cubana: origini e influenze"},"content":{"rendered":"<p>La storia della salsa cubana \u00e8 un viaggio affascinante che intreccia radici africane, europee e caraibiche. Non si tratta solo di un genere musicale, ma di un vero e proprio fenomeno culturale che ha attraversato continenti, lasciando un&#8217;impronta profonda nella cultura afro americana e nel panorama musicale mondiale.<\/p>\n<h3>Come nasce la salsa: un mix di culture<\/h3>\n<p>Per comprendere come nasce la salsa, bisogna tornare indietro nel tempo, fino al periodo coloniale, quando le rotte della <strong>tratta degli schiavi tra l\u2019Africa occidentale e i Caraibi<\/strong> diedero il via a un intenso scambio culturale e musicale. Gli schiavi africani deportati a Cuba portarono con s\u00e9 non solo strumenti rudimentali, ma soprattutto una <strong>visione musicale collettiva<\/strong>, rituale e ciclica, radicata nella religione, nella danza e nella vita quotidiana.<\/p>\n<p>Questi africani appartenevano a gruppi etnici diversi, <strong>in particolare yoruba, bantu e congo<\/strong>, e ciascuno port\u00f2 stili percussivi e strutture ritmiche differenti. Le cerimonie religiose, come quelle della santer\u00eda (derivata dalla religione yoruba), utilizzavano tamburi bat\u00e1 e chiamate musicali molto complesse, che furono alla base della poliritmia cubana.<\/p>\n<p>Con il tempo, <strong>questi ritmi si fusero con le melodie, gli strumenti e le strutture armoniche europee portate dai colonizzatori spagnoli<\/strong>: chitarre, violini, il contrabbasso e i fiati. <strong>I danz\u00f3n e i contradanza europei si trasformarono gradualmente in son cubano<\/strong>, una delle fondamenta della salsa. Il son cubano, che univa il canto narrativo spagnolo ai ritmi afro, fu lo <strong>stile musicale pi\u00f9 influente nell&#8217;evoluzione della salsa<\/strong>.<\/p>\n<p>Dalla fusione di tutti questi elementi nacquero generi come <strong>la rumba (pi\u00f9 folclorica)<\/strong>, il <strong>mambo<\/strong> (pi\u00f9 orchestrale), e il <strong>cha cha cha<\/strong> (pi\u00f9 accessibile e popolare). Tutti questi stili, con il tempo, confluirono in quella miscela esplosiva che oggi conosciamo come salsa.<\/p>\n<p>Il termine &#8220;salsa&#8221; stesso \u00e8 <strong>nato a New York negli anni &#8217;60 e &#8217;70<\/strong>, inizialmente in modo informale. Alcuni dicono che il nome sia nato per evocare l\u2019idea di qualcosa di &#8220;piccante&#8221; e mescolato, proprio come la musica. Fu poi adottato strategicamente da case discografiche come la Fania Records per dare un\u2019identit\u00e0 riconoscibile a questa fusione musicale.<\/p>\n<p>In realt\u00e0, la salsa non \u00e8 un nuovo genere nato dal nulla, ma un&#8217;etichetta ombrello per un insieme di tradizioni musicali cubane reinterpretate in chiave urbana e moderna, con l\u2019influenza del jazz, del funk e della cultura nera afroamericana. Le jam session tra musicisti cubani, portoricani e afroamericani nei club del Bronx o dell\u2019Upper Manhattan erano il terreno fertile in cui la salsa si \u00e8 sviluppata come movimento musicale e sociale.<\/p>\n<p>La salsa, quindi, non nasce da un singolo evento o artista, ma da un processo collettivo, dalla diaspora e dalla resilienza culturale. \u00c8 una musica fatta di <strong>migrazioni, di fusione e di resistenza<\/strong>, espressione diretta delle comunit\u00e0 che l\u2019hanno creata e mantenuta viva.<\/p>\n<h2>L&#8217;influenza della salsa cubana nella cultura afro americana<\/h2>\n<h3>Un ponte tra le comunit\u00e0<\/h3>\n<p>La salsa ha avuto un impatto significativo sulla <strong>cultura afro americana<\/strong>, specialmente nei quartieri latini di New York, come il Bronx e Spanish Harlem. In queste zone ad alta densit\u00e0 migratoria, le comunit\u00e0 nere e latinoamericane vivevano fianco a fianco, condividendo esperienze di marginalizzazione, povert\u00e0 e discriminazione, ma anche una <strong>ricca vita culturale fatta di musica, danza, arte e resistenza<\/strong>.<\/p>\n<p>Negli anni &#8217;60 e &#8217;70, la salsa divenne una <strong>colonna sonora della vita urbana<\/strong> per queste comunit\u00e0. I musicisti cubani e portoricani collaboravano con artisti afroamericani, creando un terreno musicale fertile per la sperimentazione. Le big band latine iniziarono a <strong>integrare strumenti del jazz afroamericano<\/strong> come sassofoni e trombe, e i batteristi afroamericani introdussero groove funk e jazz nelle sezioni ritmiche, dando vita a un nuovo suono potente e meticcio.<\/p>\n<p>Le jam session nei club come il Palladium o il Cheetah divennero luoghi leggendari dove avveniva una vera osmosi culturale. Le orchestre miste non erano solo gruppi musicali, ma simboli visibili di integrazione e collaborazione. In questo contesto, la salsa serviva anche come canale per esprimere tensioni sociali e politiche: le liriche parlavano di emigrazione, di identit\u00e0 frammentate, di lotta per i diritti civili.<\/p>\n<p>Artisti come Celia Cruz, Tito Puente e Ray Barretto diventarono molto pi\u00f9 di semplici musicisti. Celia, ad esempio, con il suo grido &#8220;\u00a1Az\u00facar!&#8221; non solo celebrava la dolcezza caraibica, ma anche una forma di orgoglio nero e femminile. Tito Puente, di origine portoricana ma cresciuto a New York, collaborava regolarmente con musicisti afroamericani, e fu un ponte vivente tra mondi musicali diversi.<\/p>\n<p>Ray Barretto, con la sua esperienza nel jazz e nella musica latina, fu uno dei primi a inserire concetti di improvvisazione jazzistica nella salsa. Il suo album &#8220;Acid&#8221; del 1968 \u00e8 considerato un classico della fusione tra salsa e jazz afroamericano. Questi artisti portarono la salsa al di fuori dei ghetti latini, facendola conoscere a un pubblico afroamericano pi\u00f9 ampio e contribuendo a una cultura musicale condivisa.<\/p>\n<p>La salsa fu anche una risposta politica e culturale alla ghettizzazione. Nacquero movimenti artistici come la Latin Soul e la Boogaloo, in cui l&#8217;estetica nera e latina si fusero apertamente. La salsa divent\u00f2 un linguaggio comune per raccontare l\u2019esperienza urbana, tra repressione e sogni di riscatto.<\/p>\n<p>In molti casi, le collaborazioni tra afroamericani e latini nella salsa anticiparono il concetto moderno di &#8220;cross-cultural identity&#8221;, rendendo la salsa una delle prime musiche veramente ibride del XX secolo. Questo spirito di condivisione \u00e8 ancora presente oggi, nelle scuole di musica, nei festival e nei progetti interculturali che tengono viva la tradizione.<\/p>\n<p>La salsa, quindi, non solo ha subito l&#8217;influenza della cultura afroamericana, ma ne ha anche influenzato alcuni aspetti, creando un dialogo sonoro e sociale profondo, ancora in evoluzione.<\/p>\n<h2>Il ritmo della salsa<\/h2>\n<p><img fetchpriority=\"high\" decoding=\"async\" class=\"alignnone wp-image-6234\" src=\"https:\/\/www.michelebalin.it\/wp-content\/uploads\/2025\/06\/pexels-tkirkgoz-116005291-300x225.jpg\" alt=\"Percussioni nella salsa\" width=\"665\" height=\"499\" srcset=\"https:\/\/www.michelebalin.it\/wp-content\/uploads\/2025\/06\/pexels-tkirkgoz-116005291-300x225.jpg 300w, https:\/\/www.michelebalin.it\/wp-content\/uploads\/2025\/06\/pexels-tkirkgoz-116005291-768x576.jpg 768w, https:\/\/www.michelebalin.it\/wp-content\/uploads\/2025\/06\/pexels-tkirkgoz-116005291.jpg 800w\" sizes=\"(max-width: 665px) 100vw, 665px\" \/><\/p>\n<p>Il <strong>ritmo<\/strong> \u00e8 ci\u00f2 che rende questo genere cos\u00ec unico e irresistibile. Basato sulla <strong>clave di son<\/strong>, una struttura ritmica derivata dalle tradizioni africane, il ritmo della salsa si costruisce su una <strong>sequenza di accenti sincopati che creano una tensione musicale coinvolgente e ciclica<\/strong>, che invita al movimento e alla risposta fisica.<\/p>\n<p>La clave pu\u00f2 essere <strong>2-3 o 3-2, anche se la maggiore parte delle salse sono 2+3<\/strong>, a seconda della disposizione degli accenti. \u00c8 una figura ritmica che guida l\u2019intera orchestra e determina la direzione del groove. Questa struttura \u00e8 cos\u00ec fondamentale che un\u2019intera sezione pu\u00f2 sembrare &#8220;fuori tempo&#8221; se la clave non \u00e8 rispettata. Ogni musicista della band deve avere la clave interiorizzata, anche se non la suona direttamente.<\/p>\n<p>La clave non \u00e8 solo uno schema tecnico, ma anche un <strong>concetto spirituale e sociale<\/strong>: \u00e8 la memoria africana nel cuore della musica caraibica. Nella cultura cubana, &#8220;estar en clave&#8221; significa essere <strong>allineati non solo musicalmente, ma anche culturalmente<\/strong>. \u00c8 la bussola del ritmo, la matrice che unisce passato e presente.<\/p>\n<p><strong>Esempio di clave 2+3:<\/strong> Se prendiamo il tempo in 8 quarti, quindi contiamo UN, DUE, TRE, QUATTRO, CINQUE, SEI, SETTE, OTTO, la clave sar\u00e0 presente in questi movimenti: UN, TA, TA quattro, TA, seTA, sette, TA. La clave sar\u00e0 quindi sul 2 e sul 3, il quattro \u00e8 una pausa, si trover\u00e0 poi sul 5 e sul levare del 6, quindi per facilitare non diciamo SEI per intero ma lo diciamo a met\u00e0, quindi &#8220;SE&#8221;. Troviamo poi la clave nell&#8217;otto.<\/p>\n<p data-start=\"737\" data-end=\"895\">Le <strong data-start=\"3\" data-end=\"30\">percussioni nella salsa<\/strong> giocano un ruolo fondamentale. <strong>Congas, bongos, timbales, campane e g\u00fciro<\/strong> sono strumenti tipici che creano un dialogo ritmico continuo. Ogni strumento ha una funzione precisa e contribuisce a un tappeto sonoro complesso e vibrante.<\/p>\n<ul data-start=\"897\" data-end=\"1827\">\n<li data-start=\"897\" data-end=\"1029\">\n<p data-start=\"899\" data-end=\"1029\"><strong data-start=\"899\" data-end=\"909\">Congas<\/strong>: sono spesso il cuore ritmico del gruppo. Lo stile pi\u00f9 diffuso \u00e8 il tumbao, un pattern sincopato che si alterna tra colpi aperti (tono), colpi secchi (slap) e colpi bassi (basso), che insieme creano una pulsazione ipnotica.<\/p>\n<\/li>\n<li data-start=\"1031\" data-end=\"1248\">\n<p data-start=\"1033\" data-end=\"1248\"><strong data-start=\"1033\" data-end=\"1043\">Bongos<\/strong>: aggiungono fraseggi rapidi e taglienti, spesso impreziositi da una tecnica detta martillo (martello). I bongos sono costituiti da due piccoli tamburi di dimensioni lievemente differenti, collegati tra loro da un pezzo di legno. La scansione ritmica del bong\u00f2 crea un sottofondo sonoro martellante detto &#8220;martillo&#8221;.<\/p>\n<\/li>\n<li data-start=\"1250\" data-end=\"1508\">\n<p data-start=\"1252\" data-end=\"1508\"><strong data-start=\"1252\" data-end=\"1264\">Timbales<\/strong>: introducono passaggi brillanti, escursioni sui piatti e potenti &#8220;fills&#8221; che annunciano i cambi di sezione. I timbales fanno parte delle percussioni e si suonano con le bacchette. Sono montati a coppie su un treppiede e oltre ai due tamburi, spesso sul treppiede vengono montati anche altri strumenti come ad esempio il jam-block, la campana o i piatti.<\/p>\n<\/li>\n<li data-start=\"1510\" data-end=\"1654\">\n<p data-start=\"1512\" data-end=\"1654\"><strong data-start=\"1512\" data-end=\"1534\">Campana (cencerro)<\/strong>: \u00e8 lo strumento che richiama l\u2019attenzione dei ballerini e scandisce il tempo forte, soprattutto durante le montuno e le improvvisazioni. \u00c8 una vera e propria campana di metallo che viene suonata colpendola con una bacchetta di legno.<\/p>\n<\/li>\n<li data-start=\"1656\" data-end=\"1827\">\n<p data-start=\"1658\" data-end=\"1827\"><strong data-start=\"1658\" data-end=\"1667\">G\u00fciro<\/strong>: uno strumento a frizione di origine indigena, offre una texture continua e sottile che riempie gli spazi tra le battute. Il g\u00fciro \u00e8 uno strumento rudimentale esteticamente simile a una grattugia. Si suona utilizzando un bastoncino che viene sfregato sulle scanalature, producendo dei suoni brevi e secchi.<\/p>\n<\/li>\n<\/ul>\n<p data-start=\"1829\" data-end=\"1989\">Questi strumenti non suonano mai in modo isolato: dialogano costantemente tra loro e con il resto dell\u2019ensemble, in una dinamica di chiamata e risposta che \u00e8 tipica della musica afro-cubana. Le percussioni non accompagnano soltanto: parlano, reagiscono, commentano. In questo senso, le percussioni sono una vera forma di comunicazione musicale e culturale.<\/p>\n<p data-start=\"1991\" data-end=\"2073\">La <strong data-start=\"3\" data-end=\"12\">clave<\/strong> e le percussioni nella salsa non sono solo elementi musicali, ma rappresentano l&#8217;anima stessa del genere, unendo tradizione e innovazione in un dialogo continuo tra musicisti e ballerini.<\/p>\n<h2 data-start=\"123\" data-end=\"178\">Com&#8217;\u00e8 nata la salsa: New York e l&#8217;industria musicale<\/h2>\n<p data-start=\"180\" data-end=\"498\">Per comprendere veramente <strong data-start=\"206\" data-end=\"229\">com&#8217;\u00e8 nata la salsa<\/strong>, non si pu\u00f2 limitare lo sguardo a Cuba, anche se la radice musicale \u00e8 profondamente cubana. La salsa come la conosciamo oggi \u00e8 frutto di un processo culturale e commerciale che si \u00e8 sviluppato negli Stati Uniti, e pi\u00f9 precisamente a New York, a partire dagli anni &#8217;60.<\/p>\n<h3 data-start=\"500\" data-end=\"558\">Il melting pot di New York: incubatrice di nuovi suoni<\/h3>\n<p data-start=\"560\" data-end=\"929\">Negli anni &#8217;50 e &#8217;60, New York era una metropoli in fermento, con una grande comunit\u00e0 di immigrati latinoamericani, soprattutto portoricani, ma anche cubani, dominicani e di altre nazionalit\u00e0. Questi gruppi, insieme agli afroamericani, condividevano spazi urbani, lavori, e soprattutto passioni culturali. La musica era uno dei principali punti d\u2019incontro e di scambio.<\/p>\n<p data-start=\"931\" data-end=\"1248\">New York offriva un ambiente ideale per la sperimentazione: qui i ritmi tradizionali cubani come il son, il mambo, la rumba e il cha cha cha si mescolarono con influenze jazzistiche, funk e soul americane. La citt\u00e0 divenne il laboratorio musicale in cui nacque quella che all\u2019epoca si definiva \u201cmusica latina urbana\u201d.<\/p>\n<h3 data-start=\"1250\" data-end=\"1318\">La Fania Records: l&#8217;etichetta che ha dato un\u2019identit\u00e0 alla salsa<\/h3>\n<p data-start=\"1320\" data-end=\"1569\">Il momento chiave fu la nascita, nel 1964, della Fania Records, fondata da Jerry Masucci (un avvocato italo-americano) e Johnny Pacheco (musicista dominicano). La Fania fu molto pi\u00f9 di una casa discografica: fu un vero e proprio movimento culturale.<\/p>\n<p data-start=\"1571\" data-end=\"1953\">La strategia di Masucci e Pacheco era ambiziosa: unire musicisti latini di diverse origini in orchestre e gruppi che potessero rappresentare un\u2019identit\u00e0 nuova, forte e riconoscibile. Questa operazione port\u00f2 alla creazione di band leggendarie come la Fania All-Stars, che raccoglieva stelle della musica latina come Celia Cruz, Willie Col\u00f3n, H\u00e9ctor Lavoe, Ray Barretto e tanti altri.<\/p>\n<p data-start=\"1955\" data-end=\"2294\">La Fania invent\u00f2 il termine \u201csalsa\u201d come brand commerciale per identificare questo nuovo suono, che in realt\u00e0 era un&#8217;evoluzione di ritmi e stili esistenti, ma reso pi\u00f9 accessibile e vendibile. La parola \u201csalsa\u201d evocava l\u2019idea di \u201cpiccantezza\u201d, di sapore intenso e mescolanza, e serv\u00ec a dare un\u2019identit\u00e0 unica e commerciale a questa musica.<\/p>\n<h3 data-start=\"2296\" data-end=\"2342\">La salsa come fenomeno sociale e culturale<\/h3>\n<p data-start=\"2344\" data-end=\"2643\">La salsa divenne molto presto molto pi\u00f9 che musica: fu un simbolo di orgoglio identitario per i giovani latini di New York, figli di immigrati spesso marginalizzati e discriminati. Attraverso i testi delle canzoni si narravano storie di vita quotidiana, amore, lotte sociali, emigrazione e riscatto.<\/p>\n<p data-start=\"2645\" data-end=\"2910\">Inoltre, la salsa invase le radio locali, i club (come il famoso Palladium Ballroom), le feste di strada e persino il cinema. Film come <em data-start=\"2781\" data-end=\"2790\">\u201cSalsa\u201d<\/em> (1988) e le esibizioni dei grandi nomi della Fania contribuirono a portare questa musica all\u2019attenzione internazionale.<\/p>\n<h3 data-start=\"2912\" data-end=\"2951\">Una musica di fusione e innovazione<\/h3>\n<p data-start=\"2953\" data-end=\"3263\">Dal punto di vista musicale, la salsa di New York si distingueva per una produzione pi\u00f9 orchestrale, arrangiamenti complessi, e un\u2019enfasi sul virtuosismo strumentale. Si adottarono elementi del jazz, come l\u2019improvvisazione nei fiati e nelle percussioni, e si incorpor\u00f2 il basso elettrico e la batteria moderna.<\/p>\n<p data-start=\"3265\" data-end=\"3440\">Questa innovazione musicale permise alla salsa di guadagnare nuovi pubblici, anche al di fuori delle comunit\u00e0 latinoamericane, portando la musica a essere un fenomeno globale.<\/p>\n<h3 data-start=\"3442\" data-end=\"3491\">La salsa oggi: eredit\u00e0 di un movimento urbano<\/h3>\n<p data-start=\"3493\" data-end=\"3722\">L\u2019impatto di New York sulla nascita e sviluppo della salsa \u00e8 cos\u00ec forte che spesso si parla di salsa \u201cdella Grande Mela\u201d come di una scuola distinta, caratterizzata da un sound potente e da una produzione altamente professionale.<\/p>\n<p data-start=\"3724\" data-end=\"3929\">Anche se la salsa rimane un genere profondamente radicato nella tradizione cubana e caraibica, l\u2019industria musicale e la scena urbana newyorkese ne hanno definito il volto moderno e la diffusione mondiale.<\/p>\n<h2 data-start=\"196\" data-end=\"243\">Da dove viene la salsa: un\u2019identit\u00e0 migrante<\/h2>\n<p><img decoding=\"async\" class=\"alignnone wp-image-6235\" src=\"https:\/\/www.michelebalin.it\/wp-content\/uploads\/2025\/06\/pexels-peely-7126181-300x200.jpg\" alt=\"Auto cubana\" width=\"647\" height=\"431\" srcset=\"https:\/\/www.michelebalin.it\/wp-content\/uploads\/2025\/06\/pexels-peely-7126181-300x200.jpg 300w, https:\/\/www.michelebalin.it\/wp-content\/uploads\/2025\/06\/pexels-peely-7126181-768x511.jpg 768w, https:\/\/www.michelebalin.it\/wp-content\/uploads\/2025\/06\/pexels-peely-7126181.jpg 800w\" sizes=\"(max-width: 647px) 100vw, 647px\" \/><\/p>\n<p data-start=\"245\" data-end=\"625\">Quando si cerca di rispondere alla domanda <strong data-start=\"288\" data-end=\"314\">da dove viene la salsa<\/strong>, si entra in un territorio complesso e affascinante, fatto di viaggi, scambi culturali, identit\u00e0 incrociate e dinamiche migratorie. La salsa non \u00e8 solo un genere musicale: \u00e8 un fenomeno culturale che incarna la storia di migliaia di persone, radicate nel passato caraibico ma proiettate verso il futuro urbano.<\/p>\n<h3 data-start=\"627\" data-end=\"667\">Cuba, la culla delle radici musicali<\/h3>\n<p data-start=\"669\" data-end=\"984\">Le radici della salsa affondano profondamente nella tradizione musicale cubana. Cuba \u00e8 stata per secoli un crocevia di culture, grazie all\u2019influenza spagnola, africana e indigena. La musica cubana tradizionale, come il son, la rumba, il danz\u00f3n e il mambo, ha dato i mattoni fondamentali per la nascita della salsa.<\/p>\n<p data-start=\"986\" data-end=\"1423\">Un fatto poco noto: il son cubano, spesso considerato il precursore della salsa, si svilupp\u00f2 nella regione orientale di Cuba, particolarmente nella provincia di Santiago de Cuba, dove le influenze africane erano fortissime e si fondevano con strumenti europei come il tres (una chitarra a 3 cori). Questo mix musicale si \u00e8 trasmesso oralmente, di generazione in generazione, fino ad arrivare nei cabarets di L\u2019Avana negli anni \u201940 e \u201950.<\/p>\n<h3 data-start=\"1425\" data-end=\"1477\">La migrazione e la nascita di un&#8217;identit\u00e0 ibrida<\/h3>\n<p data-start=\"1479\" data-end=\"1819\">La vera svolta avvenne per\u00f2 con la grande ondata migratoria latinoamericana verso gli Stati Uniti. Dopo la Rivoluzione Cubana del 1959 e nei decenni precedenti, molti musicisti e lavoratori cubani, portoricani, dominicani si trasferirono a New York in cerca di opportunit\u00e0 migliori. Questo fenomeno cre\u00f2 un melting pot unico nel suo genere.<\/p>\n<p data-start=\"1821\" data-end=\"2160\">Un aneddoto interessante: molti dei musicisti cubani che emigrarono a New York avevano suonato in orchestre di jazz cubano, ma spesso si trovarono a dover adattare il loro repertorio per il pubblico urbano americano, includendo influenze funk, soul e jazz. Questa necessit\u00e0 di adattamento port\u00f2 alla fusione che oggi conosciamo come salsa.<\/p>\n<h3 data-start=\"2162\" data-end=\"2200\">Un\u2019identit\u00e0 culturale in movimento<\/h3>\n<p data-start=\"2202\" data-end=\"2518\">La salsa, quindi, nasce dalla migrazione non solo fisica ma culturale. La comunit\u00e0 latina di New York, composta principalmente da portoricani ma con forti presenze cubane e dominicane, svilupp\u00f2 una cultura ibrida, in cui la musica divenne uno strumento per affermare la propria identit\u00e0 in un contesto spesso ostile.<\/p>\n<p data-start=\"2520\" data-end=\"2886\">Curiosit\u00e0 rara: il termine \u201cLatin music\u201d usato negli Stati Uniti fino agli anni \u201960 era molto generico e includeva diversi stili. Il termine \u201csalsa\u201d fu coniato in modo quasi casuale da giornalisti e produttori musicali, ma divenne rapidamente il simbolo di una nuova consapevolezza culturale, un brand in grado di unire gruppi diversi sotto un\u2019unica bandiera sonora.<\/p>\n<h3 data-start=\"2888\" data-end=\"2927\">La salsa come linguaggio universale<\/h3>\n<p data-start=\"2929\" data-end=\"3182\">Oggi la salsa cubana e la salsa in generale sono diventate un linguaggio universale. Da Buenos Aires a Tokyo, da Berlino a Lagos, si balla salsa e si suona salsa, spesso reinterpretandola in chiave locale. \u00c8 una musica viva che si rinnova continuamente.<\/p>\n<p data-start=\"3184\" data-end=\"3497\">Un fatto poco noto per chi non \u00e8 addentro alla cultura: nelle jam session di salsa, specialmente a New York e a L\u2019Avana, \u00e8 frequente vedere musicisti improvvisare con elementi di musica tradizionale africana, jazz moderno, e persino rap. Questo spirito di fusione e dialogo \u00e8 alla base della vitalit\u00e0 della salsa.<\/p>\n<h3 data-start=\"3499\" data-end=\"3548\">La salsa cubana: tra tradizione e innovazione<\/h3>\n<p data-start=\"3550\" data-end=\"3959\">Nonostante questa evoluzione globale, la salsa cubana conserva una centralit\u00e0 fondamentale. Nei barrios di L\u2019Avana, nelle \u201cpe\u00f1as\u201d tradizionali, si pratica ancora il modo originale di suonare e ballare salsa, in un dialogo stretto con le radici afro-cubane. Le percussioni, i cori e i passi di ballo mantengono viva una cultura che \u00e8 contemporaneamente un\u2019eredit\u00e0 ancestrale e una forma di espressione moderna.<\/p>\n<p data-start=\"3966\" data-end=\"4265\">Studiare <strong data-start=\"3975\" data-end=\"4007\">la storia della salsa cubana<\/strong> e la sua provenienza significa quindi immergersi in un percorso di migrazione, identit\u00e0 e trasformazione culturale. \u00c8 una storia che parla di movimento, di adattamento e soprattutto di un\u2019incredibile capacit\u00e0 di creare bellezza e unit\u00e0 attraverso la musica.<\/p>","protected":false},"excerpt":{"rendered":"<p>La storia della salsa cubana \u00e8 un viaggio affascinante che intreccia radici africane, europee e caraibiche. Non si tratta solo di un genere musicale, ma di un vero e proprio fenomeno culturale che ha attraversato continenti, lasciando un&#8217;impronta profonda nella cultura afro americana e nel panorama musicale mondiale. Come nasce la salsa: un mix di [&hellip;]<\/p>\n","protected":false},"author":1,"featured_media":6233,"comment_status":"open","ping_status":"closed","sticky":false,"template":"","format":"standard","meta":{"_monsterinsights_skip_tracking":false,"footnotes":""},"categories":[135],"tags":[136,137,138],"class_list":["post-6231","post","type-post","status-publish","format-standard","has-post-thumbnail","hentry","category-storia-e-cultura","tag-percussioni","tag-salsa-cubana","tag-storia-della-musica"],"blocksy_meta":[],"aioseo_notices":[],"aioseo_head":"\n\t\t<!-- All in One SEO 4.9.10 - aioseo.com -->\n\t<meta name=\"description\" content=\"La storia della salsa cubana \u00e8 un viaggio affascinante che intreccia radici africane, europee e caraibiche. Non si tratta solo di un genere musicale, ma di un vero e proprio fenomeno culturale che ha attraversato continenti, lasciando un&#039;impronta profonda nella cultura afro americana e nel panorama musicale mondiale. Come nasce la salsa: un mix di\" \/>\n\t<meta name=\"robots\" content=\"max-image-preview:large\" \/>\n\t<meta name=\"author\" content=\"Michele Balin\"\/>\n\t<link rel=\"canonical\" href=\"https:\/\/www.michelebalin.it\/en\/storia-della-salsa-cubana\/\" \/>\n\t<meta name=\"generator\" content=\"All in One SEO (AIOSEO) 4.9.10\" \/>\n\t\t<meta property=\"og:locale\" content=\"en_US\" \/>\n\t\t<meta property=\"og:site_name\" content=\"Michele Balin | Batterista - Batterista a Padova\" \/>\n\t\t<meta property=\"og:type\" content=\"article\" \/>\n\t\t<meta property=\"og:title\" content=\"Storia della salsa cubana: origini e influenze - Michele Balin | Batterista\" \/>\n\t\t<meta property=\"og:description\" content=\"La storia della salsa cubana \u00e8 un viaggio affascinante che intreccia radici africane, europee e caraibiche. Non si tratta solo di un genere musicale, ma di un vero e proprio fenomeno culturale che ha attraversato continenti, lasciando un&#039;impronta profonda nella cultura afro americana e nel panorama musicale mondiale. Come nasce la salsa: un mix di\" \/>\n\t\t<meta property=\"og:url\" content=\"https:\/\/www.michelebalin.it\/en\/storia-della-salsa-cubana\/\" \/>\n\t\t<meta property=\"og:image\" content=\"https:\/\/www.michelebalin.it\/wp-content\/uploads\/2025\/06\/pexels-tkirkgoz-113625561.jpg\" \/>\n\t\t<meta property=\"og:image:secure_url\" content=\"https:\/\/www.michelebalin.it\/wp-content\/uploads\/2025\/06\/pexels-tkirkgoz-113625561.jpg\" \/>\n\t\t<meta property=\"og:image:width\" content=\"1000\" \/>\n\t\t<meta property=\"og:image:height\" content=\"750\" \/>\n\t\t<meta property=\"article:published_time\" content=\"2025-06-05T15:07:49+00:00\" \/>\n\t\t<meta property=\"article:modified_time\" content=\"2025-06-05T15:08:13+00:00\" \/>\n\t\t<meta name=\"twitter:card\" content=\"summary_large_image\" \/>\n\t\t<meta name=\"twitter:title\" content=\"Storia della salsa cubana: origini e influenze - Michele Balin | Batterista\" \/>\n\t\t<meta name=\"twitter:description\" content=\"La storia della salsa cubana \u00e8 un viaggio affascinante che intreccia radici africane, europee e caraibiche. Non si tratta solo di un genere musicale, ma di un vero e proprio fenomeno culturale che ha attraversato continenti, lasciando un&#039;impronta profonda nella cultura afro americana e nel panorama musicale mondiale. Come nasce la salsa: un mix di\" \/>\n\t\t<meta name=\"twitter:image\" content=\"https:\/\/www.michelebalin.it\/wp-content\/uploads\/2024\/10\/1BF9778D-A1F6-4805-9054-69649042D6AC.jpeg\" \/>\n\t\t<script type=\"application\/ld+json\" class=\"aioseo-schema\">\n\t\t\t{\"@context\":\"https:\\\/\\\/schema.org\",\"@graph\":[{\"@type\":\"BlogPosting\",\"@id\":\"https:\\\/\\\/www.michelebalin.it\\\/en\\\/storia-della-salsa-cubana\\\/#blogposting\",\"name\":\"Storia della salsa cubana: origini e influenze - Michele Balin | Batterista\",\"headline\":\"Storia della salsa cubana: origini e influenze\",\"author\":{\"@id\":\"https:\\\/\\\/www.michelebalin.it\\\/en\\\/author\\\/wp_15872055\\\/#author\"},\"publisher\":{\"@id\":\"https:\\\/\\\/www.michelebalin.it\\\/en\\\/#person\"},\"image\":{\"@type\":\"ImageObject\",\"url\":\"https:\\\/\\\/www.michelebalin.it\\\/wp-content\\\/uploads\\\/2025\\\/06\\\/pexels-tkirkgoz-113625561.jpg\",\"width\":1000,\"height\":750,\"caption\":\"Salsa cubana\"},\"datePublished\":\"2025-06-05T15:07:49+00:00\",\"dateModified\":\"2025-06-05T15:08:13+00:00\",\"inLanguage\":\"en-US\",\"mainEntityOfPage\":{\"@id\":\"https:\\\/\\\/www.michelebalin.it\\\/en\\\/storia-della-salsa-cubana\\\/#webpage\"},\"isPartOf\":{\"@id\":\"https:\\\/\\\/www.michelebalin.it\\\/en\\\/storia-della-salsa-cubana\\\/#webpage\"},\"articleSection\":\"Storia e cultura, Percussioni, Salsa cubana, Storia della musica\"},{\"@type\":\"BreadcrumbList\",\"@id\":\"https:\\\/\\\/www.michelebalin.it\\\/en\\\/storia-della-salsa-cubana\\\/#breadcrumblist\",\"itemListElement\":[{\"@type\":\"ListItem\",\"@id\":\"https:\\\/\\\/www.michelebalin.it\\\/en#listItem\",\"position\":1,\"name\":\"Home\",\"item\":\"https:\\\/\\\/www.michelebalin.it\\\/en\",\"nextItem\":{\"@type\":\"ListItem\",\"@id\":\"https:\\\/\\\/www.michelebalin.it\\\/en\\\/category\\\/storia-e-cultura\\\/#listItem\",\"name\":\"Storia e cultura\"}},{\"@type\":\"ListItem\",\"@id\":\"https:\\\/\\\/www.michelebalin.it\\\/en\\\/category\\\/storia-e-cultura\\\/#listItem\",\"position\":2,\"name\":\"Storia e cultura\",\"item\":\"https:\\\/\\\/www.michelebalin.it\\\/en\\\/category\\\/storia-e-cultura\\\/\",\"nextItem\":{\"@type\":\"ListItem\",\"@id\":\"https:\\\/\\\/www.michelebalin.it\\\/en\\\/storia-della-salsa-cubana\\\/#listItem\",\"name\":\"Storia della salsa cubana: origini e influenze\"},\"previousItem\":{\"@type\":\"ListItem\",\"@id\":\"https:\\\/\\\/www.michelebalin.it\\\/en#listItem\",\"name\":\"Home\"}},{\"@type\":\"ListItem\",\"@id\":\"https:\\\/\\\/www.michelebalin.it\\\/en\\\/storia-della-salsa-cubana\\\/#listItem\",\"position\":3,\"name\":\"Storia della salsa cubana: origini e influenze\",\"previousItem\":{\"@type\":\"ListItem\",\"@id\":\"https:\\\/\\\/www.michelebalin.it\\\/en\\\/category\\\/storia-e-cultura\\\/#listItem\",\"name\":\"Storia e cultura\"}}]},{\"@type\":\"Person\",\"@id\":\"https:\\\/\\\/www.michelebalin.it\\\/en\\\/#person\",\"name\":\"Michele Balin\",\"image\":{\"@type\":\"ImageObject\",\"@id\":\"https:\\\/\\\/www.michelebalin.it\\\/en\\\/storia-della-salsa-cubana\\\/#personImage\",\"url\":\"https:\\\/\\\/secure.gravatar.com\\\/avatar\\\/2227a992c2fd58439f8afd90239d66c7c6b2f4f32e8c9099e3a5bb4867c2f107?s=96&d=mm&r=g\",\"width\":96,\"height\":96,\"caption\":\"Michele Balin\"}},{\"@type\":\"Person\",\"@id\":\"https:\\\/\\\/www.michelebalin.it\\\/en\\\/author\\\/wp_15872055\\\/#author\",\"url\":\"https:\\\/\\\/www.michelebalin.it\\\/en\\\/author\\\/wp_15872055\\\/\",\"name\":\"Michele Balin\",\"image\":{\"@type\":\"ImageObject\",\"@id\":\"https:\\\/\\\/www.michelebalin.it\\\/en\\\/storia-della-salsa-cubana\\\/#authorImage\",\"url\":\"https:\\\/\\\/secure.gravatar.com\\\/avatar\\\/2227a992c2fd58439f8afd90239d66c7c6b2f4f32e8c9099e3a5bb4867c2f107?s=96&d=mm&r=g\",\"width\":96,\"height\":96,\"caption\":\"Michele Balin\"}},{\"@type\":\"WebPage\",\"@id\":\"https:\\\/\\\/www.michelebalin.it\\\/en\\\/storia-della-salsa-cubana\\\/#webpage\",\"url\":\"https:\\\/\\\/www.michelebalin.it\\\/en\\\/storia-della-salsa-cubana\\\/\",\"name\":\"Storia della salsa cubana: origini e influenze - Michele Balin | Batterista\",\"description\":\"La storia della salsa cubana \\u00e8 un viaggio affascinante che intreccia radici africane, europee e caraibiche. Non si tratta solo di un genere musicale, ma di un vero e proprio fenomeno culturale che ha attraversato continenti, lasciando un'impronta profonda nella cultura afro americana e nel panorama musicale mondiale. Come nasce la salsa: un mix di\",\"inLanguage\":\"en-US\",\"isPartOf\":{\"@id\":\"https:\\\/\\\/www.michelebalin.it\\\/en\\\/#website\"},\"breadcrumb\":{\"@id\":\"https:\\\/\\\/www.michelebalin.it\\\/en\\\/storia-della-salsa-cubana\\\/#breadcrumblist\"},\"author\":{\"@id\":\"https:\\\/\\\/www.michelebalin.it\\\/en\\\/author\\\/wp_15872055\\\/#author\"},\"creator\":{\"@id\":\"https:\\\/\\\/www.michelebalin.it\\\/en\\\/author\\\/wp_15872055\\\/#author\"},\"image\":{\"@type\":\"ImageObject\",\"url\":\"https:\\\/\\\/www.michelebalin.it\\\/wp-content\\\/uploads\\\/2025\\\/06\\\/pexels-tkirkgoz-113625561.jpg\",\"@id\":\"https:\\\/\\\/www.michelebalin.it\\\/en\\\/storia-della-salsa-cubana\\\/#mainImage\",\"width\":1000,\"height\":750,\"caption\":\"Salsa cubana\"},\"primaryImageOfPage\":{\"@id\":\"https:\\\/\\\/www.michelebalin.it\\\/en\\\/storia-della-salsa-cubana\\\/#mainImage\"},\"datePublished\":\"2025-06-05T15:07:49+00:00\",\"dateModified\":\"2025-06-05T15:08:13+00:00\"},{\"@type\":\"WebSite\",\"@id\":\"https:\\\/\\\/www.michelebalin.it\\\/en\\\/#website\",\"url\":\"https:\\\/\\\/www.michelebalin.it\\\/en\\\/\",\"name\":\"Michele Balin | Batterista\",\"description\":\"Batterista a Padova\",\"inLanguage\":\"en-US\",\"publisher\":{\"@id\":\"https:\\\/\\\/www.michelebalin.it\\\/en\\\/#person\"}}]}\n\t\t<\/script>\n\t\t<!-- All in One SEO -->\n\n","aioseo_head_json":{"title":"Storia della salsa cubana: origini e influenze - Michele Balin | Batterista","description":"La storia della salsa cubana \u00e8 un viaggio affascinante che intreccia radici africane, europee e caraibiche. Non si tratta solo di un genere musicale, ma di un vero e proprio fenomeno culturale che ha attraversato continenti, lasciando un'impronta profonda nella cultura afro americana e nel panorama musicale mondiale. Come nasce la salsa: un mix di","canonical_url":"https:\/\/www.michelebalin.it\/en\/storia-della-salsa-cubana\/","robots":"max-image-preview:large","keywords":"","webmasterTools":{"miscellaneous":""},"schema":{"@context":"https:\/\/schema.org","@graph":[{"@type":"BlogPosting","@id":"https:\/\/www.michelebalin.it\/en\/storia-della-salsa-cubana\/#blogposting","name":"Storia della salsa cubana: origini e influenze - Michele Balin | Batterista","headline":"Storia della salsa cubana: origini e influenze","author":{"@id":"https:\/\/www.michelebalin.it\/en\/author\/wp_15872055\/#author"},"publisher":{"@id":"https:\/\/www.michelebalin.it\/en\/#person"},"image":{"@type":"ImageObject","url":"https:\/\/www.michelebalin.it\/wp-content\/uploads\/2025\/06\/pexels-tkirkgoz-113625561.jpg","width":1000,"height":750,"caption":"Salsa cubana"},"datePublished":"2025-06-05T15:07:49+00:00","dateModified":"2025-06-05T15:08:13+00:00","inLanguage":"en-US","mainEntityOfPage":{"@id":"https:\/\/www.michelebalin.it\/en\/storia-della-salsa-cubana\/#webpage"},"isPartOf":{"@id":"https:\/\/www.michelebalin.it\/en\/storia-della-salsa-cubana\/#webpage"},"articleSection":"Storia e cultura, Percussioni, Salsa cubana, Storia della musica"},{"@type":"BreadcrumbList","@id":"https:\/\/www.michelebalin.it\/en\/storia-della-salsa-cubana\/#breadcrumblist","itemListElement":[{"@type":"ListItem","@id":"https:\/\/www.michelebalin.it\/en#listItem","position":1,"name":"Home","item":"https:\/\/www.michelebalin.it\/en","nextItem":{"@type":"ListItem","@id":"https:\/\/www.michelebalin.it\/en\/category\/storia-e-cultura\/#listItem","name":"Storia e cultura"}},{"@type":"ListItem","@id":"https:\/\/www.michelebalin.it\/en\/category\/storia-e-cultura\/#listItem","position":2,"name":"Storia e cultura","item":"https:\/\/www.michelebalin.it\/en\/category\/storia-e-cultura\/","nextItem":{"@type":"ListItem","@id":"https:\/\/www.michelebalin.it\/en\/storia-della-salsa-cubana\/#listItem","name":"Storia della salsa cubana: origini e influenze"},"previousItem":{"@type":"ListItem","@id":"https:\/\/www.michelebalin.it\/en#listItem","name":"Home"}},{"@type":"ListItem","@id":"https:\/\/www.michelebalin.it\/en\/storia-della-salsa-cubana\/#listItem","position":3,"name":"Storia della salsa cubana: origini e influenze","previousItem":{"@type":"ListItem","@id":"https:\/\/www.michelebalin.it\/en\/category\/storia-e-cultura\/#listItem","name":"Storia e cultura"}}]},{"@type":"Person","@id":"https:\/\/www.michelebalin.it\/en\/#person","name":"Michele Balin","image":{"@type":"ImageObject","@id":"https:\/\/www.michelebalin.it\/en\/storia-della-salsa-cubana\/#personImage","url":"https:\/\/secure.gravatar.com\/avatar\/2227a992c2fd58439f8afd90239d66c7c6b2f4f32e8c9099e3a5bb4867c2f107?s=96&d=mm&r=g","width":96,"height":96,"caption":"Michele Balin"}},{"@type":"Person","@id":"https:\/\/www.michelebalin.it\/en\/author\/wp_15872055\/#author","url":"https:\/\/www.michelebalin.it\/en\/author\/wp_15872055\/","name":"Michele Balin","image":{"@type":"ImageObject","@id":"https:\/\/www.michelebalin.it\/en\/storia-della-salsa-cubana\/#authorImage","url":"https:\/\/secure.gravatar.com\/avatar\/2227a992c2fd58439f8afd90239d66c7c6b2f4f32e8c9099e3a5bb4867c2f107?s=96&d=mm&r=g","width":96,"height":96,"caption":"Michele Balin"}},{"@type":"WebPage","@id":"https:\/\/www.michelebalin.it\/en\/storia-della-salsa-cubana\/#webpage","url":"https:\/\/www.michelebalin.it\/en\/storia-della-salsa-cubana\/","name":"Storia della salsa cubana: origini e influenze - Michele Balin | Batterista","description":"La storia della salsa cubana \u00e8 un viaggio affascinante che intreccia radici africane, europee e caraibiche. Non si tratta solo di un genere musicale, ma di un vero e proprio fenomeno culturale che ha attraversato continenti, lasciando un'impronta profonda nella cultura afro americana e nel panorama musicale mondiale. Come nasce la salsa: un mix di","inLanguage":"en-US","isPartOf":{"@id":"https:\/\/www.michelebalin.it\/en\/#website"},"breadcrumb":{"@id":"https:\/\/www.michelebalin.it\/en\/storia-della-salsa-cubana\/#breadcrumblist"},"author":{"@id":"https:\/\/www.michelebalin.it\/en\/author\/wp_15872055\/#author"},"creator":{"@id":"https:\/\/www.michelebalin.it\/en\/author\/wp_15872055\/#author"},"image":{"@type":"ImageObject","url":"https:\/\/www.michelebalin.it\/wp-content\/uploads\/2025\/06\/pexels-tkirkgoz-113625561.jpg","@id":"https:\/\/www.michelebalin.it\/en\/storia-della-salsa-cubana\/#mainImage","width":1000,"height":750,"caption":"Salsa cubana"},"primaryImageOfPage":{"@id":"https:\/\/www.michelebalin.it\/en\/storia-della-salsa-cubana\/#mainImage"},"datePublished":"2025-06-05T15:07:49+00:00","dateModified":"2025-06-05T15:08:13+00:00"},{"@type":"WebSite","@id":"https:\/\/www.michelebalin.it\/en\/#website","url":"https:\/\/www.michelebalin.it\/en\/","name":"Michele Balin | Batterista","description":"Batterista a Padova","inLanguage":"en-US","publisher":{"@id":"https:\/\/www.michelebalin.it\/en\/#person"}}]},"og:locale":"en_US","og:site_name":"Michele Balin | Batterista - Batterista a Padova","og:type":"article","og:title":"Storia della salsa cubana: origini e influenze - Michele Balin | Batterista","og:description":"La storia della salsa cubana \u00e8 un viaggio affascinante che intreccia radici africane, europee e caraibiche. Non si tratta solo di un genere musicale, ma di un vero e proprio fenomeno culturale che ha attraversato continenti, lasciando un'impronta profonda nella cultura afro americana e nel panorama musicale mondiale. Come nasce la salsa: un mix di","og:url":"https:\/\/www.michelebalin.it\/en\/storia-della-salsa-cubana\/","og:image":"https:\/\/www.michelebalin.it\/wp-content\/uploads\/2025\/06\/pexels-tkirkgoz-113625561.jpg","og:image:secure_url":"https:\/\/www.michelebalin.it\/wp-content\/uploads\/2025\/06\/pexels-tkirkgoz-113625561.jpg","og:image:width":1000,"og:image:height":750,"article:published_time":"2025-06-05T15:07:49+00:00","article:modified_time":"2025-06-05T15:08:13+00:00","twitter:card":"summary_large_image","twitter:title":"Storia della salsa cubana: origini e influenze - Michele Balin | Batterista","twitter:description":"La storia della salsa cubana \u00e8 un viaggio affascinante che intreccia radici africane, europee e caraibiche. Non si tratta solo di un genere musicale, ma di un vero e proprio fenomeno culturale che ha attraversato continenti, lasciando un'impronta profonda nella cultura afro americana e nel panorama musicale mondiale. Come nasce la salsa: un mix di","twitter:image":"https:\/\/www.michelebalin.it\/wp-content\/uploads\/2024\/10\/1BF9778D-A1F6-4805-9054-69649042D6AC.jpeg"},"aioseo_meta_data":{"post_id":"6231","title":null,"description":null,"keywords":null,"keyphrases":null,"primary_term":null,"canonical_url":null,"og_title":null,"og_description":null,"og_object_type":"default","og_image_type":"default","og_image_url":null,"og_image_width":null,"og_image_height":null,"og_image_custom_url":null,"og_image_custom_fields":null,"og_video":null,"og_custom_url":null,"og_article_section":null,"og_article_tags":null,"twitter_use_og":false,"twitter_card":"default","twitter_image_type":"default","twitter_image_url":null,"twitter_image_custom_url":null,"twitter_image_custom_fields":null,"twitter_title":null,"twitter_description":null,"schema":{"blockGraphs":[],"customGraphs":[],"default":{"data":{"Article":[],"Course":[],"Dataset":[],"FAQPage":[],"Movie":[],"Person":[],"Product":[],"ProductReview":[],"Car":[],"Recipe":[],"Service":[],"SoftwareApplication":[],"WebPage":[]},"graphName":"","isEnabled":true},"graphs":[]},"schema_type":"default","schema_type_options":null,"pillar_content":false,"robots_default":true,"robots_noindex":false,"robots_noarchive":false,"robots_nosnippet":false,"robots_nofollow":false,"robots_noimageindex":false,"robots_noodp":false,"robots_notranslate":false,"robots_max_snippet":null,"robots_max_videopreview":null,"robots_max_imagepreview":"large","priority":null,"frequency":null,"local_seo":null,"limit_modified_date":false,"created":"2026-07-13 15:40:27","updated":"2026-07-13 15:40:27","ai":null,"breadcrumb_settings":null,"seo_analyzer_scan_date":null},"aioseo_breadcrumb":"<div class=\"aioseo-breadcrumbs\"><span class=\"aioseo-breadcrumb\">\n\t\t\t<a href=\"https:\/\/www.michelebalin.it\/en\" title=\"Home\">Home<\/a>\n\t\t<\/span><span class=\"aioseo-breadcrumb-separator\">&raquo;<\/span><span class=\"aioseo-breadcrumb\">\n\t\t\t<a href=\"https:\/\/www.michelebalin.it\/en\/category\/storia-e-cultura\/\" title=\"Storia e cultura\">Storia e cultura<\/a>\n\t\t<\/span><span class=\"aioseo-breadcrumb-separator\">&raquo;<\/span><span class=\"aioseo-breadcrumb\">\n\t\t\tStoria della salsa cubana: origini e influenze\n\t\t<\/span><\/div>","aioseo_breadcrumb_json":[{"label":"Home","link":"https:\/\/www.michelebalin.it\/en"},{"label":"Storia e cultura","link":"https:\/\/www.michelebalin.it\/en\/category\/storia-e-cultura\/"},{"label":"Storia della salsa cubana: origini e influenze","link":"https:\/\/www.michelebalin.it\/en\/storia-della-salsa-cubana\/"}],"yoast_head":"<!-- This site is optimized with the Yoast SEO plugin v26.9 - https:\/\/yoast.com\/product\/yoast-seo-wordpress\/ -->\n<title>Storia della salsa cubana: origini e influenze<\/title>\n<meta name=\"description\" content=\"La storia della salsa cubana \u00e8 un viaggio che intreccia radici africane, europee e caraibiche.\" \/>\n<meta name=\"robots\" content=\"index, follow, max-snippet:-1, max-image-preview:large, max-video-preview:-1\" \/>\n<link rel=\"canonical\" href=\"https:\/\/www.michelebalin.it\/en\/storia-della-salsa-cubana\/\" \/>\n<meta property=\"og:locale\" content=\"en_US\" \/>\n<meta property=\"og:type\" content=\"article\" \/>\n<meta property=\"og:title\" content=\"Storia della salsa cubana: origini e influenze\" \/>\n<meta property=\"og:description\" content=\"La storia della salsa cubana \u00e8 un viaggio che intreccia radici africane, europee e caraibiche.\" \/>\n<meta property=\"og:url\" content=\"https:\/\/www.michelebalin.it\/en\/storia-della-salsa-cubana\/\" \/>\n<meta property=\"og:site_name\" content=\"Michele Balin | Batterista\" \/>\n<meta property=\"article:published_time\" content=\"2025-06-05T15:07:49+00:00\" \/>\n<meta property=\"article:modified_time\" content=\"2025-06-05T15:08:13+00:00\" \/>\n<meta property=\"og:image\" content=\"https:\/\/www.michelebalin.it\/wp-content\/uploads\/2025\/06\/pexels-tkirkgoz-113625561.jpg\" \/>\n\t<meta property=\"og:image:width\" content=\"1000\" \/>\n\t<meta property=\"og:image:height\" content=\"750\" \/>\n\t<meta property=\"og:image:type\" content=\"image\/jpeg\" \/>\n<meta name=\"author\" content=\"Michele Balin\" \/>\n<meta name=\"twitter:card\" content=\"summary_large_image\" \/>\n<meta name=\"twitter:label1\" content=\"Written by\" \/>\n\t<meta name=\"twitter:data1\" content=\"Michele Balin\" \/>\n\t<meta name=\"twitter:label2\" content=\"Est. reading time\" \/>\n\t<meta name=\"twitter:data2\" content=\"16 minutes\" \/>\n<script type=\"application\/ld+json\" class=\"yoast-schema-graph\">{\"@context\":\"https:\/\/schema.org\",\"@graph\":[{\"@type\":\"Article\",\"@id\":\"https:\/\/www.michelebalin.it\/storia-della-salsa-cubana\/#article\",\"isPartOf\":{\"@id\":\"https:\/\/www.michelebalin.it\/storia-della-salsa-cubana\/\"},\"author\":{\"name\":\"Michele Balin\",\"@id\":\"https:\/\/www.michelebalin.it\/#\/schema\/person\/8855529bb15c2931c5ebfe05aa9bc604\"},\"headline\":\"Storia della salsa cubana: origini e influenze\",\"datePublished\":\"2025-06-05T15:07:49+00:00\",\"dateModified\":\"2025-06-05T15:08:13+00:00\",\"mainEntityOfPage\":{\"@id\":\"https:\/\/www.michelebalin.it\/storia-della-salsa-cubana\/\"},\"wordCount\":2735,\"commentCount\":0,\"publisher\":{\"@id\":\"https:\/\/www.michelebalin.it\/#\/schema\/person\/8855529bb15c2931c5ebfe05aa9bc604\"},\"image\":{\"@id\":\"https:\/\/www.michelebalin.it\/storia-della-salsa-cubana\/#primaryimage\"},\"thumbnailUrl\":\"https:\/\/www.michelebalin.it\/wp-content\/uploads\/2025\/06\/pexels-tkirkgoz-113625561.jpg\",\"keywords\":[\"Percussioni\",\"Salsa cubana\",\"Storia della musica\"],\"articleSection\":[\"Storia e cultura\"],\"inLanguage\":\"en-US\",\"potentialAction\":[{\"@type\":\"CommentAction\",\"name\":\"Comment\",\"target\":[\"https:\/\/www.michelebalin.it\/storia-della-salsa-cubana\/#respond\"]}]},{\"@type\":\"WebPage\",\"@id\":\"https:\/\/www.michelebalin.it\/storia-della-salsa-cubana\/\",\"url\":\"https:\/\/www.michelebalin.it\/storia-della-salsa-cubana\/\",\"name\":\"Storia della salsa cubana: origini e influenze\",\"isPartOf\":{\"@id\":\"https:\/\/www.michelebalin.it\/#website\"},\"primaryImageOfPage\":{\"@id\":\"https:\/\/www.michelebalin.it\/storia-della-salsa-cubana\/#primaryimage\"},\"image\":{\"@id\":\"https:\/\/www.michelebalin.it\/storia-della-salsa-cubana\/#primaryimage\"},\"thumbnailUrl\":\"https:\/\/www.michelebalin.it\/wp-content\/uploads\/2025\/06\/pexels-tkirkgoz-113625561.jpg\",\"datePublished\":\"2025-06-05T15:07:49+00:00\",\"dateModified\":\"2025-06-05T15:08:13+00:00\",\"description\":\"La storia della salsa cubana \u00e8 un viaggio che intreccia radici africane, europee e caraibiche.\",\"breadcrumb\":{\"@id\":\"https:\/\/www.michelebalin.it\/storia-della-salsa-cubana\/#breadcrumb\"},\"inLanguage\":\"en-US\",\"potentialAction\":[{\"@type\":\"ReadAction\",\"target\":[\"https:\/\/www.michelebalin.it\/storia-della-salsa-cubana\/\"]}]},{\"@type\":\"ImageObject\",\"inLanguage\":\"en-US\",\"@id\":\"https:\/\/www.michelebalin.it\/storia-della-salsa-cubana\/#primaryimage\",\"url\":\"https:\/\/www.michelebalin.it\/wp-content\/uploads\/2025\/06\/pexels-tkirkgoz-113625561.jpg\",\"contentUrl\":\"https:\/\/www.michelebalin.it\/wp-content\/uploads\/2025\/06\/pexels-tkirkgoz-113625561.jpg\",\"width\":1000,\"height\":750,\"caption\":\"Salsa cubana\"},{\"@type\":\"BreadcrumbList\",\"@id\":\"https:\/\/www.michelebalin.it\/storia-della-salsa-cubana\/#breadcrumb\",\"itemListElement\":[{\"@type\":\"ListItem\",\"position\":1,\"name\":\"Home\",\"item\":\"https:\/\/www.michelebalin.it\/\"},{\"@type\":\"ListItem\",\"position\":2,\"name\":\"Storia della salsa cubana: origini e influenze\"}]},{\"@type\":\"WebSite\",\"@id\":\"https:\/\/www.michelebalin.it\/#website\",\"url\":\"https:\/\/www.michelebalin.it\/\",\"name\":\"Michele Balin | Batterista\",\"description\":\"Batterista a Padova\",\"publisher\":{\"@id\":\"https:\/\/www.michelebalin.it\/#\/schema\/person\/8855529bb15c2931c5ebfe05aa9bc604\"},\"potentialAction\":[{\"@type\":\"SearchAction\",\"target\":{\"@type\":\"EntryPoint\",\"urlTemplate\":\"https:\/\/www.michelebalin.it\/?s={search_term_string}\"},\"query-input\":{\"@type\":\"PropertyValueSpecification\",\"valueRequired\":true,\"valueName\":\"search_term_string\"}}],\"inLanguage\":\"en-US\"},{\"@type\":[\"Person\",\"Organization\"],\"@id\":\"https:\/\/www.michelebalin.it\/#\/schema\/person\/8855529bb15c2931c5ebfe05aa9bc604\",\"name\":\"Michele Balin\",\"image\":{\"@type\":\"ImageObject\",\"inLanguage\":\"en-US\",\"@id\":\"https:\/\/www.michelebalin.it\/#\/schema\/person\/image\/\",\"url\":\"https:\/\/www.michelebalin.it\/wp-content\/uploads\/2024\/10\/Michele-Balin-8-1.png\",\"contentUrl\":\"https:\/\/www.michelebalin.it\/wp-content\/uploads\/2024\/10\/Michele-Balin-8-1.png\",\"width\":500,\"height\":168,\"caption\":\"Michele Balin\"},\"logo\":{\"@id\":\"https:\/\/www.michelebalin.it\/#\/schema\/person\/image\/\"},\"sameAs\":[\"https:\/\/www.michelebalin.it\"],\"url\":\"https:\/\/www.michelebalin.it\/en\/author\/wp_15872055\/\"}]}<\/script>\n<!-- \/ Yoast SEO plugin. -->","yoast_head_json":{"title":"Storia della salsa cubana: origini e influenze","description":"La storia della salsa cubana \u00e8 un viaggio che intreccia radici africane, europee e caraibiche.","robots":{"index":"index","follow":"follow","max-snippet":"max-snippet:-1","max-image-preview":"max-image-preview:large","max-video-preview":"max-video-preview:-1"},"canonical":"https:\/\/www.michelebalin.it\/en\/storia-della-salsa-cubana\/","og_locale":"en_US","og_type":"article","og_title":"Storia della salsa cubana: origini e influenze","og_description":"La storia della salsa cubana \u00e8 un viaggio che intreccia radici africane, europee e caraibiche.","og_url":"https:\/\/www.michelebalin.it\/en\/storia-della-salsa-cubana\/","og_site_name":"Michele Balin | Batterista","article_published_time":"2025-06-05T15:07:49+00:00","article_modified_time":"2025-06-05T15:08:13+00:00","og_image":[{"width":1000,"height":750,"url":"https:\/\/www.michelebalin.it\/wp-content\/uploads\/2025\/06\/pexels-tkirkgoz-113625561.jpg","type":"image\/jpeg"}],"author":"Michele Balin","twitter_card":"summary_large_image","twitter_misc":{"Written by":"Michele Balin","Est. reading time":"16 minutes"},"schema":{"@context":"https:\/\/schema.org","@graph":[{"@type":"Article","@id":"https:\/\/www.michelebalin.it\/storia-della-salsa-cubana\/#article","isPartOf":{"@id":"https:\/\/www.michelebalin.it\/storia-della-salsa-cubana\/"},"author":{"name":"Michele Balin","@id":"https:\/\/www.michelebalin.it\/#\/schema\/person\/8855529bb15c2931c5ebfe05aa9bc604"},"headline":"Storia della salsa cubana: origini e influenze","datePublished":"2025-06-05T15:07:49+00:00","dateModified":"2025-06-05T15:08:13+00:00","mainEntityOfPage":{"@id":"https:\/\/www.michelebalin.it\/storia-della-salsa-cubana\/"},"wordCount":2735,"commentCount":0,"publisher":{"@id":"https:\/\/www.michelebalin.it\/#\/schema\/person\/8855529bb15c2931c5ebfe05aa9bc604"},"image":{"@id":"https:\/\/www.michelebalin.it\/storia-della-salsa-cubana\/#primaryimage"},"thumbnailUrl":"https:\/\/www.michelebalin.it\/wp-content\/uploads\/2025\/06\/pexels-tkirkgoz-113625561.jpg","keywords":["Percussioni","Salsa cubana","Storia della musica"],"articleSection":["Storia e cultura"],"inLanguage":"en-US","potentialAction":[{"@type":"CommentAction","name":"Comment","target":["https:\/\/www.michelebalin.it\/storia-della-salsa-cubana\/#respond"]}]},{"@type":"WebPage","@id":"https:\/\/www.michelebalin.it\/storia-della-salsa-cubana\/","url":"https:\/\/www.michelebalin.it\/storia-della-salsa-cubana\/","name":"Storia della salsa cubana: origini e influenze","isPartOf":{"@id":"https:\/\/www.michelebalin.it\/#website"},"primaryImageOfPage":{"@id":"https:\/\/www.michelebalin.it\/storia-della-salsa-cubana\/#primaryimage"},"image":{"@id":"https:\/\/www.michelebalin.it\/storia-della-salsa-cubana\/#primaryimage"},"thumbnailUrl":"https:\/\/www.michelebalin.it\/wp-content\/uploads\/2025\/06\/pexels-tkirkgoz-113625561.jpg","datePublished":"2025-06-05T15:07:49+00:00","dateModified":"2025-06-05T15:08:13+00:00","description":"La storia della salsa cubana \u00e8 un viaggio che intreccia radici africane, europee e caraibiche.","breadcrumb":{"@id":"https:\/\/www.michelebalin.it\/storia-della-salsa-cubana\/#breadcrumb"},"inLanguage":"en-US","potentialAction":[{"@type":"ReadAction","target":["https:\/\/www.michelebalin.it\/storia-della-salsa-cubana\/"]}]},{"@type":"ImageObject","inLanguage":"en-US","@id":"https:\/\/www.michelebalin.it\/storia-della-salsa-cubana\/#primaryimage","url":"https:\/\/www.michelebalin.it\/wp-content\/uploads\/2025\/06\/pexels-tkirkgoz-113625561.jpg","contentUrl":"https:\/\/www.michelebalin.it\/wp-content\/uploads\/2025\/06\/pexels-tkirkgoz-113625561.jpg","width":1000,"height":750,"caption":"Salsa cubana"},{"@type":"BreadcrumbList","@id":"https:\/\/www.michelebalin.it\/storia-della-salsa-cubana\/#breadcrumb","itemListElement":[{"@type":"ListItem","position":1,"name":"Home","item":"https:\/\/www.michelebalin.it\/"},{"@type":"ListItem","position":2,"name":"Storia della salsa cubana: origini e influenze"}]},{"@type":"WebSite","@id":"https:\/\/www.michelebalin.it\/#website","url":"https:\/\/www.michelebalin.it\/","name":"Michele Balin | Batterista","description":"Batterista a Padova","publisher":{"@id":"https:\/\/www.michelebalin.it\/#\/schema\/person\/8855529bb15c2931c5ebfe05aa9bc604"},"potentialAction":[{"@type":"SearchAction","target":{"@type":"EntryPoint","urlTemplate":"https:\/\/www.michelebalin.it\/?s={search_term_string}"},"query-input":{"@type":"PropertyValueSpecification","valueRequired":true,"valueName":"search_term_string"}}],"inLanguage":"en-US"},{"@type":["Person","Organization"],"@id":"https:\/\/www.michelebalin.it\/#\/schema\/person\/8855529bb15c2931c5ebfe05aa9bc604","name":"Michele Balin","image":{"@type":"ImageObject","inLanguage":"en-US","@id":"https:\/\/www.michelebalin.it\/#\/schema\/person\/image\/","url":"https:\/\/www.michelebalin.it\/wp-content\/uploads\/2024\/10\/Michele-Balin-8-1.png","contentUrl":"https:\/\/www.michelebalin.it\/wp-content\/uploads\/2024\/10\/Michele-Balin-8-1.png","width":500,"height":168,"caption":"Michele Balin"},"logo":{"@id":"https:\/\/www.michelebalin.it\/#\/schema\/person\/image\/"},"sameAs":["https:\/\/www.michelebalin.it"],"url":"https:\/\/www.michelebalin.it\/en\/author\/wp_15872055\/"}]}},"_links":{"self":[{"href":"https:\/\/www.michelebalin.it\/en\/wp-json\/wp\/v2\/posts\/6231","targetHints":{"allow":["GET"]}}],"collection":[{"href":"https:\/\/www.michelebalin.it\/en\/wp-json\/wp\/v2\/posts"}],"about":[{"href":"https:\/\/www.michelebalin.it\/en\/wp-json\/wp\/v2\/types\/post"}],"author":[{"embeddable":true,"href":"https:\/\/www.michelebalin.it\/en\/wp-json\/wp\/v2\/users\/1"}],"replies":[{"embeddable":true,"href":"https:\/\/www.michelebalin.it\/en\/wp-json\/wp\/v2\/comments?post=6231"}],"version-history":[{"count":5,"href":"https:\/\/www.michelebalin.it\/en\/wp-json\/wp\/v2\/posts\/6231\/revisions"}],"predecessor-version":[{"id":6239,"href":"https:\/\/www.michelebalin.it\/en\/wp-json\/wp\/v2\/posts\/6231\/revisions\/6239"}],"wp:featuredmedia":[{"embeddable":true,"href":"https:\/\/www.michelebalin.it\/en\/wp-json\/wp\/v2\/media\/6233"}],"wp:attachment":[{"href":"https:\/\/www.michelebalin.it\/en\/wp-json\/wp\/v2\/media?parent=6231"}],"wp:term":[{"taxonomy":"category","embeddable":true,"href":"https:\/\/www.michelebalin.it\/en\/wp-json\/wp\/v2\/categories?post=6231"},{"taxonomy":"post_tag","embeddable":true,"href":"https:\/\/www.michelebalin.it\/en\/wp-json\/wp\/v2\/tags?post=6231"}],"curies":[{"name":"wp","href":"https:\/\/api.w.org\/{rel}","templated":true}]}}